		
		{"items":"\t\t\t<link rel=\"stylesheet\" id=\"wd-photoswipe-css\" href=\"https:\/\/flexocolor.pl\/wp-content\/themes\/woodmart\/css\/parts\/lib-photoswipe.min.css?ver=7.4.3\" type=\"text\/css\" media=\"all\" \/> \t\t\t\t\t\t<link rel=\"stylesheet\" id=\"wd-project-text-hover-css\" href=\"https:\/\/flexocolor.pl\/wp-content\/themes\/woodmart\/css\/parts\/project-text-hover.min.css?ver=7.4.3\" type=\"text\/css\" media=\"all\" \/> \t\t\t\n\t\t\n\t\t\n\t\t\t\t\t\t\t\t\n<article id=\"post-17038\" class=\"wd-project portfolio-entry wd-col masonry-item portfolio-hover proj-cat-etykiety-specjalne post-17038 portfolio type-portfolio status-publish has-post-thumbnail hentry project-cat-etykiety-specjalne\">\n\t<header class=\"entry-header\">\n\t\t\t\t\t<figure class=\"entry-thumbnail color-scheme-light\">\n\t\t\t\t<a href=\"https:\/\/flexocolor.pl\/portfolio\/etykiety-kryjace\/\" class=\"portfolio-thumbnail\">\n\t\t\t\t\t<img width=\"800\" height=\"800\" src=\"https:\/\/flexocolor.pl\/wp-content\/uploads\/2024\/05\/etykiety-pokrywajace-z-ciemnym-klejem-800x800.jpg\" class=\"attachment-large size-large\" alt=\"Etykiety pokrywaj\u0105ce nieprze\u017aroczyste z ciemnym klejem\" decoding=\"async\" srcset=\"https:\/\/flexocolor.pl\/wp-content\/uploads\/2024\/05\/etykiety-pokrywajace-z-ciemnym-klejem-800x800.jpg 800w, https:\/\/flexocolor.pl\/wp-content\/uploads\/2024\/05\/etykiety-pokrywajace-z-ciemnym-klejem-300x300.jpg 300w, https:\/\/flexocolor.pl\/wp-content\/uploads\/2024\/05\/etykiety-pokrywajace-z-ciemnym-klejem-150x150.jpg 150w, https:\/\/flexocolor.pl\/wp-content\/uploads\/2024\/05\/etykiety-pokrywajace-z-ciemnym-klejem-768x768.jpg 768w, https:\/\/flexocolor.pl\/wp-content\/uploads\/2024\/05\/etykiety-pokrywajace-z-ciemnym-klejem.jpg 992w\" sizes=\"(max-width: 800px) 100vw, 800px\" \/>\t\t\t\t<\/a>\n\t\t\t\t<div class=\"wd-portfolio-btns\">\n\t\t\t\t\t<div class=\"portfolio-enlarge wd-action-btn wd-style-icon wd-enlarge-icon wd-tltp wd-tltp-left\">\n\t\t\t\t\t\t<a href=\"https:\/\/flexocolor.pl\/wp-content\/uploads\/2024\/05\/etykiety-pokrywajace-z-ciemnym-klejem.jpg\" data-elementor-open-lightbox=\"no\">Zobacz du\u017cy<\/a>\n\t\t\t\t\t<\/div>\n\t\t\t\t\t\t\t\t\t\t\t<div class=\"social-icons-wrapper wd-action-btn wd-style-icon wd-share-icon wd-tltp wd-tltp-left\">\n\t\t\t\t\t\t\t<a><\/a>\n\t\t\t\t\t\t\t<div class=\"wd-tooltip-label\">\n\t\t\t\t\t\t\t\t\t\t\t<link rel=\"stylesheet\" id=\"wd-social-icons-css\" href=\"https:\/\/flexocolor.pl\/wp-content\/themes\/woodmart\/css\/parts\/el-social-icons.min.css?ver=7.4.3\" type=\"text\/css\" media=\"all\" \/> \t\t\t\n\t\t\t<div class=\" wd-social-icons icons-design-default icons-size-small color-scheme-light social-share social-form-circle text-center\">\n\n\t\t\t\t\n\t\t\t\t\t\t\t\t\t<a rel=\"noopener noreferrer nofollow\" href=\"https:\/\/www.facebook.com\/sharer\/sharer.php?u=https:\/\/flexocolor.pl\/portfolio\/etykiety-kryjace\/\" target=\"_blank\" class=\" wd-social-icon social-facebook\" aria-label=\"Link spo\u0142eczno\u015bciowy na Facebooku\">\n\t\t\t\t\t\t<span class=\"wd-icon\"><\/span>\n\t\t\t\t\t\t\t\t\t\t\t<\/a>\n\t\t\t\t\n\t\t\t\t\t\t\t\t\t<a rel=\"noopener noreferrer nofollow\" href=\"https:\/\/x.com\/share?url=https:\/\/flexocolor.pl\/portfolio\/etykiety-kryjace\/\" target=\"_blank\" class=\" wd-social-icon social-twitter\" aria-label=\"Link spo\u0142eczno\u015bciowy X\">\n\t\t\t\t\t\t<span class=\"wd-icon\"><\/span>\n\t\t\t\t\t\t\t\t\t\t\t<\/a>\n\t\t\t\t\n\t\t\t\t\n\t\t\t\t\n\t\t\t\t\n\t\t\t\t\t\t\t\t\t<a rel=\"noopener noreferrer nofollow\" href=\"https:\/\/pinterest.com\/pin\/create\/button\/?url=https:\/\/flexocolor.pl\/portfolio\/etykiety-kryjace\/&media=https:\/\/flexocolor.pl\/wp-content\/uploads\/2024\/05\/etykiety-pokrywajace-z-ciemnym-klejem.jpg&description=Etykiety+kryj%C4%85ce\" target=\"_blank\" class=\" wd-social-icon social-pinterest\" aria-label=\"Link spo\u0142eczno\u015bciowy Pinteresta\">\n\t\t\t\t\t\t<span class=\"wd-icon\"><\/span>\n\t\t\t\t\t\t\t\t\t\t\t<\/a>\n\t\t\t\t\n\t\t\t\t\n\t\t\t\t\n\t\t\t\t\n\t\t\t\t\n\t\t\t\t\n\t\t\t\t\n\t\t\t\t\n\t\t\t\t\n\t\t\t\t\n\t\t\t\t\n\t\t\t\t\t\t\t\t\t<a rel=\"noopener noreferrer nofollow\" href=\"https:\/\/api.whatsapp.com\/send?text=https%3A%2F%2Fflexocolor.pl%2Fportfolio%2Fetykiety-kryjace%2F\" target=\"_blank\" class=\"whatsapp-desktop  wd-social-icon social-whatsapp\" aria-label=\"Link spo\u0142eczno\u015bciowy WhatsApp\">\n\t\t\t\t\t\t<span class=\"wd-icon\"><\/span>\n\t\t\t\t\t\t\t\t\t\t\t<\/a>\n\t\t\t\t\t\n\t\t\t\t\t<a rel=\"noopener noreferrer nofollow\" href=\"whatsapp:\/\/send?text=https%3A%2F%2Fflexocolor.pl%2Fportfolio%2Fetykiety-kryjace%2F\" target=\"_blank\" class=\"whatsapp-mobile  wd-social-icon social-whatsapp\" aria-label=\"Link spo\u0142eczno\u015bciowy WhatsApp\">\n\t\t\t\t\t\t<span class=\"wd-icon\"><\/span>\n\t\t\t\t\t\t\t\t\t\t\t<\/a>\n\t\t\t\t\n\t\t\t\t\t\t\t\t\n\t\t\t\t\t\t\t\t\n\t\t\t\t\n\t\t\t\t\n\t\t\t\t\t\t\t\t\n\t\t\t\t\n\t\t\t<\/div>\n\n\t\t\t\t\t\t\t\t\t<\/div>\n\t\t\t\t\t\t<\/div>\n\t\t\t\t\t\t\t\t\t<\/div>\n\t\t\t<\/figure>\n\t\t\n\t\t<div class=\"portfolio-info color-scheme-light\">\n\t\t\t\t\t\t\t<div class=\"wrap-meta\">\n\t\t\t\t\t<ul class=\"proj-cats-list\">\n\t\t\t\t\t\t\t\t\t\t\t\t\t\t\t\t\t\t\t\t<li>Etykiety specjalne<\/li>\n\t\t\t\t\t\t\t\t\t\t\t<\/ul>\n\t\t\t\t<\/div>\n\t\t\t\n\t\t\t<div class=\"wrap-title\">\n\t\t\t\t<h3 class=\"wd-entities-title\">\n\t\t\t\t\t<a href=\"https:\/\/flexocolor.pl\/portfolio\/etykiety-kryjace\/\" rel=\"bookmark\">Etykiety kryj\u0105ce<\/a>\n\t\t\t\t<\/h3>\n\t\t\t<\/div>\n\t\t<\/div>\n\t<\/header>\n<\/article>\n\t\t\t\t\t\t\t\t\n<article id=\"post-16728\" class=\"wd-project portfolio-entry wd-col masonry-item portfolio-hover proj-cat-tasmy-pakowe-foliopaki-folia-stretch post-16728 portfolio type-portfolio status-publish has-post-thumbnail hentry project-cat-tasmy-pakowe-foliopaki-folia-stretch\">\n\t<header class=\"entry-header\">\n\t\t\t\t\t<figure class=\"entry-thumbnail color-scheme-light\">\n\t\t\t\t<a href=\"https:\/\/flexocolor.pl\/portfolio\/przylgi-kurierskie-doklejki-rozne-rozmiary\/\" class=\"portfolio-thumbnail\">\n\t\t\t\t\t<img width=\"800\" height=\"800\" src=\"https:\/\/flexocolor.pl\/wp-content\/uploads\/2024\/04\/przylgi-kurierskie-1-800x800.jpg\" class=\"attachment-large size-large\" alt=\"\" decoding=\"async\" srcset=\"https:\/\/flexocolor.pl\/wp-content\/uploads\/2024\/04\/przylgi-kurierskie-1-800x800.jpg 800w, https:\/\/flexocolor.pl\/wp-content\/uploads\/2024\/04\/przylgi-kurierskie-1-300x300.jpg 300w, https:\/\/flexocolor.pl\/wp-content\/uploads\/2024\/04\/przylgi-kurierskie-1-150x150.jpg 150w, https:\/\/flexocolor.pl\/wp-content\/uploads\/2024\/04\/przylgi-kurierskie-1-768x768.jpg 768w, https:\/\/flexocolor.pl\/wp-content\/uploads\/2024\/04\/przylgi-kurierskie-1-860x860.jpg 860w, https:\/\/flexocolor.pl\/wp-content\/uploads\/2024\/04\/przylgi-kurierskie-1-430x430.jpg 430w, https:\/\/flexocolor.pl\/wp-content\/uploads\/2024\/04\/przylgi-kurierskie-1-700x700.jpg 700w, https:\/\/flexocolor.pl\/wp-content\/uploads\/2024\/04\/przylgi-kurierskie-1.jpg 1000w\" sizes=\"(max-width: 800px) 100vw, 800px\" \/>\t\t\t\t<\/a>\n\t\t\t\t<div class=\"wd-portfolio-btns\">\n\t\t\t\t\t<div class=\"portfolio-enlarge wd-action-btn wd-style-icon wd-enlarge-icon wd-tltp wd-tltp-left\">\n\t\t\t\t\t\t<a href=\"https:\/\/flexocolor.pl\/wp-content\/uploads\/2024\/04\/przylgi-kurierskie-1.jpg\" data-elementor-open-lightbox=\"no\">Zobacz du\u017cy<\/a>\n\t\t\t\t\t<\/div>\n\t\t\t\t\t\t\t\t\t\t\t<div class=\"social-icons-wrapper wd-action-btn wd-style-icon wd-share-icon wd-tltp wd-tltp-left\">\n\t\t\t\t\t\t\t<a><\/a>\n\t\t\t\t\t\t\t<div class=\"wd-tooltip-label\">\n\t\t\t\t\t\t\t\t\n\t\t\t<div class=\" wd-social-icons icons-design-default icons-size-small color-scheme-light social-share social-form-circle text-center\">\n\n\t\t\t\t\n\t\t\t\t\t\t\t\t\t<a rel=\"noopener noreferrer nofollow\" href=\"https:\/\/www.facebook.com\/sharer\/sharer.php?u=https:\/\/flexocolor.pl\/portfolio\/przylgi-kurierskie-doklejki-rozne-rozmiary\/\" target=\"_blank\" class=\" wd-social-icon social-facebook\" aria-label=\"Link spo\u0142eczno\u015bciowy na Facebooku\">\n\t\t\t\t\t\t<span class=\"wd-icon\"><\/span>\n\t\t\t\t\t\t\t\t\t\t\t<\/a>\n\t\t\t\t\n\t\t\t\t\t\t\t\t\t<a rel=\"noopener noreferrer nofollow\" href=\"https:\/\/x.com\/share?url=https:\/\/flexocolor.pl\/portfolio\/przylgi-kurierskie-doklejki-rozne-rozmiary\/\" target=\"_blank\" class=\" wd-social-icon social-twitter\" aria-label=\"Link spo\u0142eczno\u015bciowy X\">\n\t\t\t\t\t\t<span class=\"wd-icon\"><\/span>\n\t\t\t\t\t\t\t\t\t\t\t<\/a>\n\t\t\t\t\n\t\t\t\t\n\t\t\t\t\n\t\t\t\t\n\t\t\t\t\t\t\t\t\t<a rel=\"noopener noreferrer nofollow\" href=\"https:\/\/pinterest.com\/pin\/create\/button\/?url=https:\/\/flexocolor.pl\/portfolio\/przylgi-kurierskie-doklejki-rozne-rozmiary\/&media=https:\/\/flexocolor.pl\/wp-content\/uploads\/2024\/04\/przylgi-kurierskie-1.jpg&description=Przylgi+Kurierskie+%E2%80%93+Doklejki+r%C3%B3%C5%BCne+rozmiary\" target=\"_blank\" class=\" wd-social-icon social-pinterest\" aria-label=\"Link spo\u0142eczno\u015bciowy Pinteresta\">\n\t\t\t\t\t\t<span class=\"wd-icon\"><\/span>\n\t\t\t\t\t\t\t\t\t\t\t<\/a>\n\t\t\t\t\n\t\t\t\t\n\t\t\t\t\n\t\t\t\t\n\t\t\t\t\n\t\t\t\t\n\t\t\t\t\n\t\t\t\t\n\t\t\t\t\n\t\t\t\t\n\t\t\t\t\n\t\t\t\t\t\t\t\t\t<a rel=\"noopener noreferrer nofollow\" href=\"https:\/\/api.whatsapp.com\/send?text=https%3A%2F%2Fflexocolor.pl%2Fportfolio%2Fprzylgi-kurierskie-doklejki-rozne-rozmiary%2F\" target=\"_blank\" class=\"whatsapp-desktop  wd-social-icon social-whatsapp\" aria-label=\"Link spo\u0142eczno\u015bciowy WhatsApp\">\n\t\t\t\t\t\t<span class=\"wd-icon\"><\/span>\n\t\t\t\t\t\t\t\t\t\t\t<\/a>\n\t\t\t\t\t\n\t\t\t\t\t<a rel=\"noopener noreferrer nofollow\" href=\"whatsapp:\/\/send?text=https%3A%2F%2Fflexocolor.pl%2Fportfolio%2Fprzylgi-kurierskie-doklejki-rozne-rozmiary%2F\" target=\"_blank\" class=\"whatsapp-mobile  wd-social-icon social-whatsapp\" aria-label=\"Link spo\u0142eczno\u015bciowy WhatsApp\">\n\t\t\t\t\t\t<span class=\"wd-icon\"><\/span>\n\t\t\t\t\t\t\t\t\t\t\t<\/a>\n\t\t\t\t\n\t\t\t\t\t\t\t\t\n\t\t\t\t\t\t\t\t\n\t\t\t\t\n\t\t\t\t\n\t\t\t\t\t\t\t\t\n\t\t\t\t\n\t\t\t<\/div>\n\n\t\t\t\t\t\t\t\t\t<\/div>\n\t\t\t\t\t\t<\/div>\n\t\t\t\t\t\t\t\t\t<\/div>\n\t\t\t<\/figure>\n\t\t\n\t\t<div class=\"portfolio-info color-scheme-light\">\n\t\t\t\t\t\t\t<div class=\"wrap-meta\">\n\t\t\t\t\t<ul class=\"proj-cats-list\">\n\t\t\t\t\t\t\t\t\t\t\t\t\t\t\t\t\t\t\t\t<li>Ta\u015bmy pakowe, foliopaki, folia stretch<\/li>\n\t\t\t\t\t\t\t\t\t\t\t<\/ul>\n\t\t\t\t<\/div>\n\t\t\t\n\t\t\t<div class=\"wrap-title\">\n\t\t\t\t<h3 class=\"wd-entities-title\">\n\t\t\t\t\t<a href=\"https:\/\/flexocolor.pl\/portfolio\/przylgi-kurierskie-doklejki-rozne-rozmiary\/\" rel=\"bookmark\">Przylgi Kurierskie \u2013 Doklejki r\u00f3\u017cne rozmiary<\/a>\n\t\t\t\t<\/h3>\n\t\t\t<\/div>\n\t\t<\/div>\n\t<\/header>\n<\/article>\n\t\t\t\t\t\t\t\t\n<article id=\"post-16722\" class=\"wd-project portfolio-entry wd-col masonry-item portfolio-hover proj-cat-tasmy-pakowe-foliopaki-folia-stretch post-16722 portfolio type-portfolio status-publish has-post-thumbnail hentry project-cat-tasmy-pakowe-foliopaki-folia-stretch\">\n\t<header class=\"entry-header\">\n\t\t\t\t\t<figure class=\"entry-thumbnail color-scheme-light\">\n\t\t\t\t<a href=\"https:\/\/flexocolor.pl\/portfolio\/foliopaki-koperty-kurierskie-dostepne-w-roznych-rozmiarach\/\" class=\"portfolio-thumbnail\">\n\t\t\t\t\t<img width=\"800\" height=\"800\" src=\"https:\/\/flexocolor.pl\/wp-content\/uploads\/2024\/04\/foliopaki-800x800.jpg\" class=\"attachment-large size-large\" alt=\"\" decoding=\"async\" srcset=\"https:\/\/flexocolor.pl\/wp-content\/uploads\/2024\/04\/foliopaki-800x800.jpg 800w, https:\/\/flexocolor.pl\/wp-content\/uploads\/2024\/04\/foliopaki-300x300.jpg 300w, https:\/\/flexocolor.pl\/wp-content\/uploads\/2024\/04\/foliopaki-150x150.jpg 150w, https:\/\/flexocolor.pl\/wp-content\/uploads\/2024\/04\/foliopaki-768x768.jpg 768w, https:\/\/flexocolor.pl\/wp-content\/uploads\/2024\/04\/foliopaki-860x860.jpg 860w, https:\/\/flexocolor.pl\/wp-content\/uploads\/2024\/04\/foliopaki-430x430.jpg 430w, https:\/\/flexocolor.pl\/wp-content\/uploads\/2024\/04\/foliopaki-700x700.jpg 700w, https:\/\/flexocolor.pl\/wp-content\/uploads\/2024\/04\/foliopaki.jpg 1200w\" sizes=\"(max-width: 800px) 100vw, 800px\" \/>\t\t\t\t<\/a>\n\t\t\t\t<div class=\"wd-portfolio-btns\">\n\t\t\t\t\t<div class=\"portfolio-enlarge wd-action-btn wd-style-icon wd-enlarge-icon wd-tltp wd-tltp-left\">\n\t\t\t\t\t\t<a href=\"https:\/\/flexocolor.pl\/wp-content\/uploads\/2024\/04\/foliopaki.jpg\" data-elementor-open-lightbox=\"no\">Zobacz du\u017cy<\/a>\n\t\t\t\t\t<\/div>\n\t\t\t\t\t\t\t\t\t\t\t<div class=\"social-icons-wrapper wd-action-btn wd-style-icon wd-share-icon wd-tltp wd-tltp-left\">\n\t\t\t\t\t\t\t<a><\/a>\n\t\t\t\t\t\t\t<div class=\"wd-tooltip-label\">\n\t\t\t\t\t\t\t\t\n\t\t\t<div class=\" wd-social-icons icons-design-default icons-size-small color-scheme-light social-share social-form-circle text-center\">\n\n\t\t\t\t\n\t\t\t\t\t\t\t\t\t<a rel=\"noopener noreferrer nofollow\" href=\"https:\/\/www.facebook.com\/sharer\/sharer.php?u=https:\/\/flexocolor.pl\/portfolio\/foliopaki-koperty-kurierskie-dostepne-w-roznych-rozmiarach\/\" target=\"_blank\" class=\" wd-social-icon social-facebook\" aria-label=\"Link spo\u0142eczno\u015bciowy na Facebooku\">\n\t\t\t\t\t\t<span class=\"wd-icon\"><\/span>\n\t\t\t\t\t\t\t\t\t\t\t<\/a>\n\t\t\t\t\n\t\t\t\t\t\t\t\t\t<a rel=\"noopener noreferrer nofollow\" href=\"https:\/\/x.com\/share?url=https:\/\/flexocolor.pl\/portfolio\/foliopaki-koperty-kurierskie-dostepne-w-roznych-rozmiarach\/\" target=\"_blank\" class=\" wd-social-icon social-twitter\" aria-label=\"Link spo\u0142eczno\u015bciowy X\">\n\t\t\t\t\t\t<span class=\"wd-icon\"><\/span>\n\t\t\t\t\t\t\t\t\t\t\t<\/a>\n\t\t\t\t\n\t\t\t\t\n\t\t\t\t\n\t\t\t\t\n\t\t\t\t\t\t\t\t\t<a rel=\"noopener noreferrer nofollow\" href=\"https:\/\/pinterest.com\/pin\/create\/button\/?url=https:\/\/flexocolor.pl\/portfolio\/foliopaki-koperty-kurierskie-dostepne-w-roznych-rozmiarach\/&media=https:\/\/flexocolor.pl\/wp-content\/uploads\/2024\/04\/foliopaki.jpg&description=Foliopaki+%26%238211%3B+koperty+kurierskie+dost%C4%99pne+w+r%C3%B3%C5%BCnych+rozmiarach\" target=\"_blank\" class=\" wd-social-icon social-pinterest\" aria-label=\"Link spo\u0142eczno\u015bciowy Pinteresta\">\n\t\t\t\t\t\t<span class=\"wd-icon\"><\/span>\n\t\t\t\t\t\t\t\t\t\t\t<\/a>\n\t\t\t\t\n\t\t\t\t\n\t\t\t\t\n\t\t\t\t\n\t\t\t\t\n\t\t\t\t\n\t\t\t\t\n\t\t\t\t\n\t\t\t\t\n\t\t\t\t\n\t\t\t\t\n\t\t\t\t\t\t\t\t\t<a rel=\"noopener noreferrer nofollow\" href=\"https:\/\/api.whatsapp.com\/send?text=https%3A%2F%2Fflexocolor.pl%2Fportfolio%2Ffoliopaki-koperty-kurierskie-dostepne-w-roznych-rozmiarach%2F\" target=\"_blank\" class=\"whatsapp-desktop  wd-social-icon social-whatsapp\" aria-label=\"Link spo\u0142eczno\u015bciowy WhatsApp\">\n\t\t\t\t\t\t<span class=\"wd-icon\"><\/span>\n\t\t\t\t\t\t\t\t\t\t\t<\/a>\n\t\t\t\t\t\n\t\t\t\t\t<a rel=\"noopener noreferrer nofollow\" href=\"whatsapp:\/\/send?text=https%3A%2F%2Fflexocolor.pl%2Fportfolio%2Ffoliopaki-koperty-kurierskie-dostepne-w-roznych-rozmiarach%2F\" target=\"_blank\" class=\"whatsapp-mobile  wd-social-icon social-whatsapp\" aria-label=\"Link spo\u0142eczno\u015bciowy WhatsApp\">\n\t\t\t\t\t\t<span class=\"wd-icon\"><\/span>\n\t\t\t\t\t\t\t\t\t\t\t<\/a>\n\t\t\t\t\n\t\t\t\t\t\t\t\t\n\t\t\t\t\t\t\t\t\n\t\t\t\t\n\t\t\t\t\n\t\t\t\t\t\t\t\t\n\t\t\t\t\n\t\t\t<\/div>\n\n\t\t\t\t\t\t\t\t\t<\/div>\n\t\t\t\t\t\t<\/div>\n\t\t\t\t\t\t\t\t\t<\/div>\n\t\t\t<\/figure>\n\t\t\n\t\t<div class=\"portfolio-info color-scheme-light\">\n\t\t\t\t\t\t\t<div class=\"wrap-meta\">\n\t\t\t\t\t<ul class=\"proj-cats-list\">\n\t\t\t\t\t\t\t\t\t\t\t\t\t\t\t\t\t\t\t\t<li>Ta\u015bmy pakowe, foliopaki, folia stretch<\/li>\n\t\t\t\t\t\t\t\t\t\t\t<\/ul>\n\t\t\t\t<\/div>\n\t\t\t\n\t\t\t<div class=\"wrap-title\">\n\t\t\t\t<h3 class=\"wd-entities-title\">\n\t\t\t\t\t<a href=\"https:\/\/flexocolor.pl\/portfolio\/foliopaki-koperty-kurierskie-dostepne-w-roznych-rozmiarach\/\" rel=\"bookmark\">Foliopaki &#8211; koperty kurierskie dost\u0119pne w r\u00f3\u017cnych rozmiarach<\/a>\n\t\t\t\t<\/h3>\n\t\t\t<\/div>\n\t\t<\/div>\n\t<\/header>\n<\/article>\n\t\t\t\t\t\t\t\t\n<article id=\"post-16672\" class=\"wd-project portfolio-entry wd-col masonry-item portfolio-hover proj-cat-tasmy-pakowe-foliopaki-folia-stretch post-16672 portfolio type-portfolio status-publish has-post-thumbnail hentry project-cat-tasmy-pakowe-foliopaki-folia-stretch\">\n\t<header class=\"entry-header\">\n\t\t\t\t\t<figure class=\"entry-thumbnail color-scheme-light\">\n\t\t\t\t<a href=\"https:\/\/flexocolor.pl\/portfolio\/tasmy-pakowe\/\" class=\"portfolio-thumbnail\">\n\t\t\t\t\t<img width=\"800\" height=\"800\" src=\"https:\/\/flexocolor.pl\/wp-content\/uploads\/2024\/04\/tasma_pakowa-1-800x800.jpg\" class=\"attachment-large size-large\" alt=\"\" decoding=\"async\" srcset=\"https:\/\/flexocolor.pl\/wp-content\/uploads\/2024\/04\/tasma_pakowa-1-800x800.jpg 800w, https:\/\/flexocolor.pl\/wp-content\/uploads\/2024\/04\/tasma_pakowa-1-300x300.jpg 300w, https:\/\/flexocolor.pl\/wp-content\/uploads\/2024\/04\/tasma_pakowa-1-150x150.jpg 150w, https:\/\/flexocolor.pl\/wp-content\/uploads\/2024\/04\/tasma_pakowa-1-768x768.jpg 768w, https:\/\/flexocolor.pl\/wp-content\/uploads\/2024\/04\/tasma_pakowa-1-860x860.jpg 860w, https:\/\/flexocolor.pl\/wp-content\/uploads\/2024\/04\/tasma_pakowa-1-430x430.jpg 430w, https:\/\/flexocolor.pl\/wp-content\/uploads\/2024\/04\/tasma_pakowa-1-700x700.jpg 700w, https:\/\/flexocolor.pl\/wp-content\/uploads\/2024\/04\/tasma_pakowa-1.jpg 1000w\" sizes=\"(max-width: 800px) 100vw, 800px\" \/>\t\t\t\t<\/a>\n\t\t\t\t<div class=\"wd-portfolio-btns\">\n\t\t\t\t\t<div class=\"portfolio-enlarge wd-action-btn wd-style-icon wd-enlarge-icon wd-tltp wd-tltp-left\">\n\t\t\t\t\t\t<a href=\"https:\/\/flexocolor.pl\/wp-content\/uploads\/2024\/04\/tasma_pakowa-1.jpg\" data-elementor-open-lightbox=\"no\">Zobacz du\u017cy<\/a>\n\t\t\t\t\t<\/div>\n\t\t\t\t\t\t\t\t\t\t\t<div class=\"social-icons-wrapper wd-action-btn wd-style-icon wd-share-icon wd-tltp wd-tltp-left\">\n\t\t\t\t\t\t\t<a><\/a>\n\t\t\t\t\t\t\t<div class=\"wd-tooltip-label\">\n\t\t\t\t\t\t\t\t\n\t\t\t<div class=\" wd-social-icons icons-design-default icons-size-small color-scheme-light social-share social-form-circle text-center\">\n\n\t\t\t\t\n\t\t\t\t\t\t\t\t\t<a rel=\"noopener noreferrer nofollow\" href=\"https:\/\/www.facebook.com\/sharer\/sharer.php?u=https:\/\/flexocolor.pl\/portfolio\/tasmy-pakowe\/\" target=\"_blank\" class=\" wd-social-icon social-facebook\" aria-label=\"Link spo\u0142eczno\u015bciowy na Facebooku\">\n\t\t\t\t\t\t<span class=\"wd-icon\"><\/span>\n\t\t\t\t\t\t\t\t\t\t\t<\/a>\n\t\t\t\t\n\t\t\t\t\t\t\t\t\t<a rel=\"noopener noreferrer nofollow\" href=\"https:\/\/x.com\/share?url=https:\/\/flexocolor.pl\/portfolio\/tasmy-pakowe\/\" target=\"_blank\" class=\" wd-social-icon social-twitter\" aria-label=\"Link spo\u0142eczno\u015bciowy X\">\n\t\t\t\t\t\t<span class=\"wd-icon\"><\/span>\n\t\t\t\t\t\t\t\t\t\t\t<\/a>\n\t\t\t\t\n\t\t\t\t\n\t\t\t\t\n\t\t\t\t\n\t\t\t\t\t\t\t\t\t<a rel=\"noopener noreferrer nofollow\" href=\"https:\/\/pinterest.com\/pin\/create\/button\/?url=https:\/\/flexocolor.pl\/portfolio\/tasmy-pakowe\/&media=https:\/\/flexocolor.pl\/wp-content\/uploads\/2024\/04\/tasma_pakowa-1.jpg&description=Ta%C5%9Bmy+pakowe\" target=\"_blank\" class=\" wd-social-icon social-pinterest\" aria-label=\"Link spo\u0142eczno\u015bciowy Pinteresta\">\n\t\t\t\t\t\t<span class=\"wd-icon\"><\/span>\n\t\t\t\t\t\t\t\t\t\t\t<\/a>\n\t\t\t\t\n\t\t\t\t\n\t\t\t\t\n\t\t\t\t\n\t\t\t\t\n\t\t\t\t\n\t\t\t\t\n\t\t\t\t\n\t\t\t\t\n\t\t\t\t\n\t\t\t\t\n\t\t\t\t\t\t\t\t\t<a rel=\"noopener noreferrer nofollow\" href=\"https:\/\/api.whatsapp.com\/send?text=https%3A%2F%2Fflexocolor.pl%2Fportfolio%2Ftasmy-pakowe%2F\" target=\"_blank\" class=\"whatsapp-desktop  wd-social-icon social-whatsapp\" aria-label=\"Link spo\u0142eczno\u015bciowy WhatsApp\">\n\t\t\t\t\t\t<span class=\"wd-icon\"><\/span>\n\t\t\t\t\t\t\t\t\t\t\t<\/a>\n\t\t\t\t\t\n\t\t\t\t\t<a rel=\"noopener noreferrer nofollow\" href=\"whatsapp:\/\/send?text=https%3A%2F%2Fflexocolor.pl%2Fportfolio%2Ftasmy-pakowe%2F\" target=\"_blank\" class=\"whatsapp-mobile  wd-social-icon social-whatsapp\" aria-label=\"Link spo\u0142eczno\u015bciowy WhatsApp\">\n\t\t\t\t\t\t<span class=\"wd-icon\"><\/span>\n\t\t\t\t\t\t\t\t\t\t\t<\/a>\n\t\t\t\t\n\t\t\t\t\t\t\t\t\n\t\t\t\t\t\t\t\t\n\t\t\t\t\n\t\t\t\t\n\t\t\t\t\t\t\t\t\n\t\t\t\t\n\t\t\t<\/div>\n\n\t\t\t\t\t\t\t\t\t<\/div>\n\t\t\t\t\t\t<\/div>\n\t\t\t\t\t\t\t\t\t<\/div>\n\t\t\t<\/figure>\n\t\t\n\t\t<div class=\"portfolio-info color-scheme-light\">\n\t\t\t\t\t\t\t<div class=\"wrap-meta\">\n\t\t\t\t\t<ul class=\"proj-cats-list\">\n\t\t\t\t\t\t\t\t\t\t\t\t\t\t\t\t\t\t\t\t<li>Ta\u015bmy pakowe, foliopaki, folia stretch<\/li>\n\t\t\t\t\t\t\t\t\t\t\t<\/ul>\n\t\t\t\t<\/div>\n\t\t\t\n\t\t\t<div class=\"wrap-title\">\n\t\t\t\t<h3 class=\"wd-entities-title\">\n\t\t\t\t\t<a href=\"https:\/\/flexocolor.pl\/portfolio\/tasmy-pakowe\/\" rel=\"bookmark\">Ta\u015bmy pakowe<\/a>\n\t\t\t\t<\/h3>\n\t\t\t<\/div>\n\t\t<\/div>\n\t<\/header>\n<\/article>\n\t\t\t\t\t\t\t\t\n<article id=\"post-16763\" class=\"wd-project portfolio-entry wd-col masonry-item portfolio-hover proj-cat-tasmy-pakowe-foliopaki-folia-stretch post-16763 portfolio type-portfolio status-publish has-post-thumbnail hentry project-cat-tasmy-pakowe-foliopaki-folia-stretch\">\n\t<header class=\"entry-header\">\n\t\t\t\t\t<figure class=\"entry-thumbnail color-scheme-light\">\n\t\t\t\t<a href=\"https:\/\/flexocolor.pl\/portfolio\/torebki-strunowe\/\" class=\"portfolio-thumbnail\">\n\t\t\t\t\t<img width=\"800\" height=\"800\" src=\"https:\/\/flexocolor.pl\/wp-content\/uploads\/2024\/04\/torebki-strunowe-1.jpg\" class=\"attachment-large size-large\" alt=\"\" decoding=\"async\" srcset=\"https:\/\/flexocolor.pl\/wp-content\/uploads\/2024\/04\/torebki-strunowe-1.jpg 800w, https:\/\/flexocolor.pl\/wp-content\/uploads\/2024\/04\/torebki-strunowe-1-300x300.jpg 300w, https:\/\/flexocolor.pl\/wp-content\/uploads\/2024\/04\/torebki-strunowe-1-150x150.jpg 150w, https:\/\/flexocolor.pl\/wp-content\/uploads\/2024\/04\/torebki-strunowe-1-768x768.jpg 768w, https:\/\/flexocolor.pl\/wp-content\/uploads\/2024\/04\/torebki-strunowe-1-430x430.jpg 430w, https:\/\/flexocolor.pl\/wp-content\/uploads\/2024\/04\/torebki-strunowe-1-700x700.jpg 700w\" sizes=\"(max-width: 800px) 100vw, 800px\" \/>\t\t\t\t<\/a>\n\t\t\t\t<div class=\"wd-portfolio-btns\">\n\t\t\t\t\t<div class=\"portfolio-enlarge wd-action-btn wd-style-icon wd-enlarge-icon wd-tltp wd-tltp-left\">\n\t\t\t\t\t\t<a href=\"https:\/\/flexocolor.pl\/wp-content\/uploads\/2024\/04\/torebki-strunowe-1.jpg\" data-elementor-open-lightbox=\"no\">Zobacz du\u017cy<\/a>\n\t\t\t\t\t<\/div>\n\t\t\t\t\t\t\t\t\t\t\t<div class=\"social-icons-wrapper wd-action-btn wd-style-icon wd-share-icon wd-tltp wd-tltp-left\">\n\t\t\t\t\t\t\t<a><\/a>\n\t\t\t\t\t\t\t<div class=\"wd-tooltip-label\">\n\t\t\t\t\t\t\t\t\n\t\t\t<div class=\" wd-social-icons icons-design-default icons-size-small color-scheme-light social-share social-form-circle text-center\">\n\n\t\t\t\t\n\t\t\t\t\t\t\t\t\t<a rel=\"noopener noreferrer nofollow\" href=\"https:\/\/www.facebook.com\/sharer\/sharer.php?u=https:\/\/flexocolor.pl\/portfolio\/torebki-strunowe\/\" target=\"_blank\" class=\" wd-social-icon social-facebook\" aria-label=\"Link spo\u0142eczno\u015bciowy na Facebooku\">\n\t\t\t\t\t\t<span class=\"wd-icon\"><\/span>\n\t\t\t\t\t\t\t\t\t\t\t<\/a>\n\t\t\t\t\n\t\t\t\t\t\t\t\t\t<a rel=\"noopener noreferrer nofollow\" href=\"https:\/\/x.com\/share?url=https:\/\/flexocolor.pl\/portfolio\/torebki-strunowe\/\" target=\"_blank\" class=\" wd-social-icon social-twitter\" aria-label=\"Link spo\u0142eczno\u015bciowy X\">\n\t\t\t\t\t\t<span class=\"wd-icon\"><\/span>\n\t\t\t\t\t\t\t\t\t\t\t<\/a>\n\t\t\t\t\n\t\t\t\t\n\t\t\t\t\n\t\t\t\t\n\t\t\t\t\t\t\t\t\t<a rel=\"noopener noreferrer nofollow\" href=\"https:\/\/pinterest.com\/pin\/create\/button\/?url=https:\/\/flexocolor.pl\/portfolio\/torebki-strunowe\/&media=https:\/\/flexocolor.pl\/wp-content\/uploads\/2024\/04\/torebki-strunowe-1.jpg&description=Torebki+strunowe\" target=\"_blank\" class=\" wd-social-icon social-pinterest\" aria-label=\"Link spo\u0142eczno\u015bciowy Pinteresta\">\n\t\t\t\t\t\t<span class=\"wd-icon\"><\/span>\n\t\t\t\t\t\t\t\t\t\t\t<\/a>\n\t\t\t\t\n\t\t\t\t\n\t\t\t\t\n\t\t\t\t\n\t\t\t\t\n\t\t\t\t\n\t\t\t\t\n\t\t\t\t\n\t\t\t\t\n\t\t\t\t\n\t\t\t\t\n\t\t\t\t\t\t\t\t\t<a rel=\"noopener noreferrer nofollow\" href=\"https:\/\/api.whatsapp.com\/send?text=https%3A%2F%2Fflexocolor.pl%2Fportfolio%2Ftorebki-strunowe%2F\" target=\"_blank\" class=\"whatsapp-desktop  wd-social-icon social-whatsapp\" aria-label=\"Link spo\u0142eczno\u015bciowy WhatsApp\">\n\t\t\t\t\t\t<span class=\"wd-icon\"><\/span>\n\t\t\t\t\t\t\t\t\t\t\t<\/a>\n\t\t\t\t\t\n\t\t\t\t\t<a rel=\"noopener noreferrer nofollow\" href=\"whatsapp:\/\/send?text=https%3A%2F%2Fflexocolor.pl%2Fportfolio%2Ftorebki-strunowe%2F\" target=\"_blank\" class=\"whatsapp-mobile  wd-social-icon social-whatsapp\" aria-label=\"Link spo\u0142eczno\u015bciowy WhatsApp\">\n\t\t\t\t\t\t<span class=\"wd-icon\"><\/span>\n\t\t\t\t\t\t\t\t\t\t\t<\/a>\n\t\t\t\t\n\t\t\t\t\t\t\t\t\n\t\t\t\t\t\t\t\t\n\t\t\t\t\n\t\t\t\t\n\t\t\t\t\t\t\t\t\n\t\t\t\t\n\t\t\t<\/div>\n\n\t\t\t\t\t\t\t\t\t<\/div>\n\t\t\t\t\t\t<\/div>\n\t\t\t\t\t\t\t\t\t<\/div>\n\t\t\t<\/figure>\n\t\t\n\t\t<div class=\"portfolio-info color-scheme-light\">\n\t\t\t\t\t\t\t<div class=\"wrap-meta\">\n\t\t\t\t\t<ul class=\"proj-cats-list\">\n\t\t\t\t\t\t\t\t\t\t\t\t\t\t\t\t\t\t\t\t<li>Ta\u015bmy pakowe, foliopaki, folia stretch<\/li>\n\t\t\t\t\t\t\t\t\t\t\t<\/ul>\n\t\t\t\t<\/div>\n\t\t\t\n\t\t\t<div class=\"wrap-title\">\n\t\t\t\t<h3 class=\"wd-entities-title\">\n\t\t\t\t\t<a href=\"https:\/\/flexocolor.pl\/portfolio\/torebki-strunowe\/\" rel=\"bookmark\">Torebki strunowe<\/a>\n\t\t\t\t<\/h3>\n\t\t\t<\/div>\n\t\t<\/div>\n\t<\/header>\n<\/article>\n\t\t\t\t\t\t\t\t\n<article id=\"post-16747\" class=\"wd-project portfolio-entry wd-col masonry-item portfolio-hover proj-cat-tasmy-pakowe-foliopaki-folia-stretch post-16747 portfolio type-portfolio status-publish has-post-thumbnail hentry project-cat-tasmy-pakowe-foliopaki-folia-stretch\">\n\t<header class=\"entry-header\">\n\t\t\t\t\t<figure class=\"entry-thumbnail color-scheme-light\">\n\t\t\t\t<a href=\"https:\/\/flexocolor.pl\/portfolio\/torebki-pp-celofanowe-z-paskiem-samoprzylepnym\/\" class=\"portfolio-thumbnail\">\n\t\t\t\t\t<img width=\"800\" height=\"800\" src=\"https:\/\/flexocolor.pl\/wp-content\/uploads\/2024\/04\/torebki_celafonowe.jpg\" class=\"attachment-large size-large\" alt=\"\" decoding=\"async\" srcset=\"https:\/\/flexocolor.pl\/wp-content\/uploads\/2024\/04\/torebki_celafonowe.jpg 800w, https:\/\/flexocolor.pl\/wp-content\/uploads\/2024\/04\/torebki_celafonowe-300x300.jpg 300w, https:\/\/flexocolor.pl\/wp-content\/uploads\/2024\/04\/torebki_celafonowe-150x150.jpg 150w, https:\/\/flexocolor.pl\/wp-content\/uploads\/2024\/04\/torebki_celafonowe-768x768.jpg 768w, https:\/\/flexocolor.pl\/wp-content\/uploads\/2024\/04\/torebki_celafonowe-430x430.jpg 430w, https:\/\/flexocolor.pl\/wp-content\/uploads\/2024\/04\/torebki_celafonowe-700x700.jpg 700w\" sizes=\"(max-width: 800px) 100vw, 800px\" \/>\t\t\t\t<\/a>\n\t\t\t\t<div class=\"wd-portfolio-btns\">\n\t\t\t\t\t<div class=\"portfolio-enlarge wd-action-btn wd-style-icon wd-enlarge-icon wd-tltp wd-tltp-left\">\n\t\t\t\t\t\t<a href=\"https:\/\/flexocolor.pl\/wp-content\/uploads\/2024\/04\/torebki_celafonowe.jpg\" data-elementor-open-lightbox=\"no\">Zobacz du\u017cy<\/a>\n\t\t\t\t\t<\/div>\n\t\t\t\t\t\t\t\t\t\t\t<div class=\"social-icons-wrapper wd-action-btn wd-style-icon wd-share-icon wd-tltp wd-tltp-left\">\n\t\t\t\t\t\t\t<a><\/a>\n\t\t\t\t\t\t\t<div class=\"wd-tooltip-label\">\n\t\t\t\t\t\t\t\t\n\t\t\t<div class=\" wd-social-icons icons-design-default icons-size-small color-scheme-light social-share social-form-circle text-center\">\n\n\t\t\t\t\n\t\t\t\t\t\t\t\t\t<a rel=\"noopener noreferrer nofollow\" href=\"https:\/\/www.facebook.com\/sharer\/sharer.php?u=https:\/\/flexocolor.pl\/portfolio\/torebki-pp-celofanowe-z-paskiem-samoprzylepnym\/\" target=\"_blank\" class=\" wd-social-icon social-facebook\" aria-label=\"Link spo\u0142eczno\u015bciowy na Facebooku\">\n\t\t\t\t\t\t<span class=\"wd-icon\"><\/span>\n\t\t\t\t\t\t\t\t\t\t\t<\/a>\n\t\t\t\t\n\t\t\t\t\t\t\t\t\t<a rel=\"noopener noreferrer nofollow\" href=\"https:\/\/x.com\/share?url=https:\/\/flexocolor.pl\/portfolio\/torebki-pp-celofanowe-z-paskiem-samoprzylepnym\/\" target=\"_blank\" class=\" wd-social-icon social-twitter\" aria-label=\"Link spo\u0142eczno\u015bciowy X\">\n\t\t\t\t\t\t<span class=\"wd-icon\"><\/span>\n\t\t\t\t\t\t\t\t\t\t\t<\/a>\n\t\t\t\t\n\t\t\t\t\n\t\t\t\t\n\t\t\t\t\n\t\t\t\t\t\t\t\t\t<a rel=\"noopener noreferrer nofollow\" href=\"https:\/\/pinterest.com\/pin\/create\/button\/?url=https:\/\/flexocolor.pl\/portfolio\/torebki-pp-celofanowe-z-paskiem-samoprzylepnym\/&media=https:\/\/flexocolor.pl\/wp-content\/uploads\/2024\/04\/torebki_celafonowe.jpg&description=Torebki+PP+%E2%80%93+Celofanowe+z+paskiem+samoprzylepnym\" target=\"_blank\" class=\" wd-social-icon social-pinterest\" aria-label=\"Link spo\u0142eczno\u015bciowy Pinteresta\">\n\t\t\t\t\t\t<span class=\"wd-icon\"><\/span>\n\t\t\t\t\t\t\t\t\t\t\t<\/a>\n\t\t\t\t\n\t\t\t\t\n\t\t\t\t\n\t\t\t\t\n\t\t\t\t\n\t\t\t\t\n\t\t\t\t\n\t\t\t\t\n\t\t\t\t\n\t\t\t\t\n\t\t\t\t\n\t\t\t\t\t\t\t\t\t<a rel=\"noopener noreferrer nofollow\" href=\"https:\/\/api.whatsapp.com\/send?text=https%3A%2F%2Fflexocolor.pl%2Fportfolio%2Ftorebki-pp-celofanowe-z-paskiem-samoprzylepnym%2F\" target=\"_blank\" class=\"whatsapp-desktop  wd-social-icon social-whatsapp\" aria-label=\"Link spo\u0142eczno\u015bciowy WhatsApp\">\n\t\t\t\t\t\t<span class=\"wd-icon\"><\/span>\n\t\t\t\t\t\t\t\t\t\t\t<\/a>\n\t\t\t\t\t\n\t\t\t\t\t<a rel=\"noopener noreferrer nofollow\" href=\"whatsapp:\/\/send?text=https%3A%2F%2Fflexocolor.pl%2Fportfolio%2Ftorebki-pp-celofanowe-z-paskiem-samoprzylepnym%2F\" target=\"_blank\" class=\"whatsapp-mobile  wd-social-icon social-whatsapp\" aria-label=\"Link spo\u0142eczno\u015bciowy WhatsApp\">\n\t\t\t\t\t\t<span class=\"wd-icon\"><\/span>\n\t\t\t\t\t\t\t\t\t\t\t<\/a>\n\t\t\t\t\n\t\t\t\t\t\t\t\t\n\t\t\t\t\t\t\t\t\n\t\t\t\t\n\t\t\t\t\n\t\t\t\t\t\t\t\t\n\t\t\t\t\n\t\t\t<\/div>\n\n\t\t\t\t\t\t\t\t\t<\/div>\n\t\t\t\t\t\t<\/div>\n\t\t\t\t\t\t\t\t\t<\/div>\n\t\t\t<\/figure>\n\t\t\n\t\t<div class=\"portfolio-info color-scheme-light\">\n\t\t\t\t\t\t\t<div class=\"wrap-meta\">\n\t\t\t\t\t<ul class=\"proj-cats-list\">\n\t\t\t\t\t\t\t\t\t\t\t\t\t\t\t\t\t\t\t\t<li>Ta\u015bmy pakowe, foliopaki, folia stretch<\/li>\n\t\t\t\t\t\t\t\t\t\t\t<\/ul>\n\t\t\t\t<\/div>\n\t\t\t\n\t\t\t<div class=\"wrap-title\">\n\t\t\t\t<h3 class=\"wd-entities-title\">\n\t\t\t\t\t<a href=\"https:\/\/flexocolor.pl\/portfolio\/torebki-pp-celofanowe-z-paskiem-samoprzylepnym\/\" rel=\"bookmark\">Torebki PP \u2013 Celofanowe z paskiem samoprzylepnym<\/a>\n\t\t\t\t<\/h3>\n\t\t\t<\/div>\n\t\t<\/div>\n\t<\/header>\n<\/article>\n\t\t\t\t\t\t\t\t\n<article id=\"post-16963\" class=\"wd-project portfolio-entry wd-col masonry-item portfolio-hover proj-cat-drukarki-etykiet-skanery-kodow post-16963 portfolio type-portfolio status-publish has-post-thumbnail hentry project-cat-drukarki-etykiet-skanery-kodow\">\n\t<header class=\"entry-header\">\n\t\t\t\t\t<figure class=\"entry-thumbnail color-scheme-light\">\n\t\t\t\t<a href=\"https:\/\/flexocolor.pl\/portfolio\/drukarki-polprzemyslowe\/\" class=\"portfolio-thumbnail\">\n\t\t\t\t\t<img width=\"800\" height=\"800\" src=\"https:\/\/flexocolor.pl\/wp-content\/uploads\/2024\/04\/godex-polprzemyslowy-2.png\" class=\"attachment-large size-large\" alt=\"Godex ZX1600i\" decoding=\"async\" srcset=\"https:\/\/flexocolor.pl\/wp-content\/uploads\/2024\/04\/godex-polprzemyslowy-2.png 800w, https:\/\/flexocolor.pl\/wp-content\/uploads\/2024\/04\/godex-polprzemyslowy-2-300x300.png 300w, https:\/\/flexocolor.pl\/wp-content\/uploads\/2024\/04\/godex-polprzemyslowy-2-150x150.png 150w, https:\/\/flexocolor.pl\/wp-content\/uploads\/2024\/04\/godex-polprzemyslowy-2-768x768.png 768w\" sizes=\"(max-width: 800px) 100vw, 800px\" \/>\t\t\t\t<\/a>\n\t\t\t\t<div class=\"wd-portfolio-btns\">\n\t\t\t\t\t<div class=\"portfolio-enlarge wd-action-btn wd-style-icon wd-enlarge-icon wd-tltp wd-tltp-left\">\n\t\t\t\t\t\t<a href=\"https:\/\/flexocolor.pl\/wp-content\/uploads\/2024\/04\/godex-polprzemyslowy-2.png\" data-elementor-open-lightbox=\"no\">Zobacz du\u017cy<\/a>\n\t\t\t\t\t<\/div>\n\t\t\t\t\t\t\t\t\t\t\t<div class=\"social-icons-wrapper wd-action-btn wd-style-icon wd-share-icon wd-tltp wd-tltp-left\">\n\t\t\t\t\t\t\t<a><\/a>\n\t\t\t\t\t\t\t<div class=\"wd-tooltip-label\">\n\t\t\t\t\t\t\t\t\n\t\t\t<div class=\" wd-social-icons icons-design-default icons-size-small color-scheme-light social-share social-form-circle text-center\">\n\n\t\t\t\t\n\t\t\t\t\t\t\t\t\t<a rel=\"noopener noreferrer nofollow\" href=\"https:\/\/www.facebook.com\/sharer\/sharer.php?u=https:\/\/flexocolor.pl\/portfolio\/drukarki-polprzemyslowe\/\" target=\"_blank\" class=\" wd-social-icon social-facebook\" aria-label=\"Link spo\u0142eczno\u015bciowy na Facebooku\">\n\t\t\t\t\t\t<span class=\"wd-icon\"><\/span>\n\t\t\t\t\t\t\t\t\t\t\t<\/a>\n\t\t\t\t\n\t\t\t\t\t\t\t\t\t<a rel=\"noopener noreferrer nofollow\" href=\"https:\/\/x.com\/share?url=https:\/\/flexocolor.pl\/portfolio\/drukarki-polprzemyslowe\/\" target=\"_blank\" class=\" wd-social-icon social-twitter\" aria-label=\"Link spo\u0142eczno\u015bciowy X\">\n\t\t\t\t\t\t<span class=\"wd-icon\"><\/span>\n\t\t\t\t\t\t\t\t\t\t\t<\/a>\n\t\t\t\t\n\t\t\t\t\n\t\t\t\t\n\t\t\t\t\n\t\t\t\t\t\t\t\t\t<a rel=\"noopener noreferrer nofollow\" href=\"https:\/\/pinterest.com\/pin\/create\/button\/?url=https:\/\/flexocolor.pl\/portfolio\/drukarki-polprzemyslowe\/&media=https:\/\/flexocolor.pl\/wp-content\/uploads\/2024\/04\/godex-polprzemyslowy-2.png&description=Drukarki+p%C3%B3%C5%82przemys%C5%82owe\" target=\"_blank\" class=\" wd-social-icon social-pinterest\" aria-label=\"Link spo\u0142eczno\u015bciowy Pinteresta\">\n\t\t\t\t\t\t<span class=\"wd-icon\"><\/span>\n\t\t\t\t\t\t\t\t\t\t\t<\/a>\n\t\t\t\t\n\t\t\t\t\n\t\t\t\t\n\t\t\t\t\n\t\t\t\t\n\t\t\t\t\n\t\t\t\t\n\t\t\t\t\n\t\t\t\t\n\t\t\t\t\n\t\t\t\t\n\t\t\t\t\t\t\t\t\t<a rel=\"noopener noreferrer nofollow\" href=\"https:\/\/api.whatsapp.com\/send?text=https%3A%2F%2Fflexocolor.pl%2Fportfolio%2Fdrukarki-polprzemyslowe%2F\" target=\"_blank\" class=\"whatsapp-desktop  wd-social-icon social-whatsapp\" aria-label=\"Link spo\u0142eczno\u015bciowy WhatsApp\">\n\t\t\t\t\t\t<span class=\"wd-icon\"><\/span>\n\t\t\t\t\t\t\t\t\t\t\t<\/a>\n\t\t\t\t\t\n\t\t\t\t\t<a rel=\"noopener noreferrer nofollow\" href=\"whatsapp:\/\/send?text=https%3A%2F%2Fflexocolor.pl%2Fportfolio%2Fdrukarki-polprzemyslowe%2F\" target=\"_blank\" class=\"whatsapp-mobile  wd-social-icon social-whatsapp\" aria-label=\"Link spo\u0142eczno\u015bciowy WhatsApp\">\n\t\t\t\t\t\t<span class=\"wd-icon\"><\/span>\n\t\t\t\t\t\t\t\t\t\t\t<\/a>\n\t\t\t\t\n\t\t\t\t\t\t\t\t\n\t\t\t\t\t\t\t\t\n\t\t\t\t\n\t\t\t\t\n\t\t\t\t\t\t\t\t\n\t\t\t\t\n\t\t\t<\/div>\n\n\t\t\t\t\t\t\t\t\t<\/div>\n\t\t\t\t\t\t<\/div>\n\t\t\t\t\t\t\t\t\t<\/div>\n\t\t\t<\/figure>\n\t\t\n\t\t<div class=\"portfolio-info color-scheme-light\">\n\t\t\t\t\t\t\t<div class=\"wrap-meta\">\n\t\t\t\t\t<ul class=\"proj-cats-list\">\n\t\t\t\t\t\t\t\t\t\t\t\t\t\t\t\t\t\t\t\t<li>Drukarki etykiet, skanery kod\u00f3w<\/li>\n\t\t\t\t\t\t\t\t\t\t\t<\/ul>\n\t\t\t\t<\/div>\n\t\t\t\n\t\t\t<div class=\"wrap-title\">\n\t\t\t\t<h3 class=\"wd-entities-title\">\n\t\t\t\t\t<a href=\"https:\/\/flexocolor.pl\/portfolio\/drukarki-polprzemyslowe\/\" rel=\"bookmark\">Drukarki p\u00f3\u0142przemys\u0142owe<\/a>\n\t\t\t\t<\/h3>\n\t\t\t<\/div>\n\t\t<\/div>\n\t<\/header>\n<\/article>\n\t\t\t\t\t\t\t\t\n<article id=\"post-17046\" class=\"wd-project portfolio-entry wd-col masonry-item portfolio-hover proj-cat-etykiety-specjalne post-17046 portfolio type-portfolio status-publish has-post-thumbnail hentry project-cat-etykiety-specjalne\">\n\t<header class=\"entry-header\">\n\t\t\t\t\t<figure class=\"entry-thumbnail color-scheme-light\">\n\t\t\t\t<a href=\"https:\/\/flexocolor.pl\/portfolio\/etykiety-do-drukarek-typu-inkjet\/\" class=\"portfolio-thumbnail\">\n\t\t\t\t\t<img width=\"800\" height=\"800\" src=\"https:\/\/flexocolor.pl\/wp-content\/uploads\/2024\/05\/epson-c7500-800x800.jpg\" class=\"attachment-large size-large\" alt=\"Epson ColorWorks C7500\" decoding=\"async\" srcset=\"https:\/\/flexocolor.pl\/wp-content\/uploads\/2024\/05\/epson-c7500-800x800.jpg 800w, https:\/\/flexocolor.pl\/wp-content\/uploads\/2024\/05\/epson-c7500-300x300.jpg 300w, https:\/\/flexocolor.pl\/wp-content\/uploads\/2024\/05\/epson-c7500-150x150.jpg 150w, https:\/\/flexocolor.pl\/wp-content\/uploads\/2024\/05\/epson-c7500-768x768.jpg 768w, https:\/\/flexocolor.pl\/wp-content\/uploads\/2024\/05\/epson-c7500.jpg 1063w\" sizes=\"(max-width: 800px) 100vw, 800px\" \/>\t\t\t\t<\/a>\n\t\t\t\t<div class=\"wd-portfolio-btns\">\n\t\t\t\t\t<div class=\"portfolio-enlarge wd-action-btn wd-style-icon wd-enlarge-icon wd-tltp wd-tltp-left\">\n\t\t\t\t\t\t<a href=\"https:\/\/flexocolor.pl\/wp-content\/uploads\/2024\/05\/epson-c7500.jpg\" data-elementor-open-lightbox=\"no\">Zobacz du\u017cy<\/a>\n\t\t\t\t\t<\/div>\n\t\t\t\t\t\t\t\t\t\t\t<div class=\"social-icons-wrapper wd-action-btn wd-style-icon wd-share-icon wd-tltp wd-tltp-left\">\n\t\t\t\t\t\t\t<a><\/a>\n\t\t\t\t\t\t\t<div class=\"wd-tooltip-label\">\n\t\t\t\t\t\t\t\t\n\t\t\t<div class=\" wd-social-icons icons-design-default icons-size-small color-scheme-light social-share social-form-circle text-center\">\n\n\t\t\t\t\n\t\t\t\t\t\t\t\t\t<a rel=\"noopener noreferrer nofollow\" href=\"https:\/\/www.facebook.com\/sharer\/sharer.php?u=https:\/\/flexocolor.pl\/portfolio\/etykiety-do-drukarek-typu-inkjet\/\" target=\"_blank\" class=\" wd-social-icon social-facebook\" aria-label=\"Link spo\u0142eczno\u015bciowy na Facebooku\">\n\t\t\t\t\t\t<span class=\"wd-icon\"><\/span>\n\t\t\t\t\t\t\t\t\t\t\t<\/a>\n\t\t\t\t\n\t\t\t\t\t\t\t\t\t<a rel=\"noopener noreferrer nofollow\" href=\"https:\/\/x.com\/share?url=https:\/\/flexocolor.pl\/portfolio\/etykiety-do-drukarek-typu-inkjet\/\" target=\"_blank\" class=\" wd-social-icon social-twitter\" aria-label=\"Link spo\u0142eczno\u015bciowy X\">\n\t\t\t\t\t\t<span class=\"wd-icon\"><\/span>\n\t\t\t\t\t\t\t\t\t\t\t<\/a>\n\t\t\t\t\n\t\t\t\t\n\t\t\t\t\n\t\t\t\t\n\t\t\t\t\t\t\t\t\t<a rel=\"noopener noreferrer nofollow\" href=\"https:\/\/pinterest.com\/pin\/create\/button\/?url=https:\/\/flexocolor.pl\/portfolio\/etykiety-do-drukarek-typu-inkjet\/&media=https:\/\/flexocolor.pl\/wp-content\/uploads\/2024\/05\/epson-c7500.jpg&description=Etykiety+do+drukarek+typu+InkJet\" target=\"_blank\" class=\" wd-social-icon social-pinterest\" aria-label=\"Link spo\u0142eczno\u015bciowy Pinteresta\">\n\t\t\t\t\t\t<span class=\"wd-icon\"><\/span>\n\t\t\t\t\t\t\t\t\t\t\t<\/a>\n\t\t\t\t\n\t\t\t\t\n\t\t\t\t\n\t\t\t\t\n\t\t\t\t\n\t\t\t\t\n\t\t\t\t\n\t\t\t\t\n\t\t\t\t\n\t\t\t\t\n\t\t\t\t\n\t\t\t\t\t\t\t\t\t<a rel=\"noopener noreferrer nofollow\" href=\"https:\/\/api.whatsapp.com\/send?text=https%3A%2F%2Fflexocolor.pl%2Fportfolio%2Fetykiety-do-drukarek-typu-inkjet%2F\" target=\"_blank\" class=\"whatsapp-desktop  wd-social-icon social-whatsapp\" aria-label=\"Link spo\u0142eczno\u015bciowy WhatsApp\">\n\t\t\t\t\t\t<span class=\"wd-icon\"><\/span>\n\t\t\t\t\t\t\t\t\t\t\t<\/a>\n\t\t\t\t\t\n\t\t\t\t\t<a rel=\"noopener noreferrer nofollow\" href=\"whatsapp:\/\/send?text=https%3A%2F%2Fflexocolor.pl%2Fportfolio%2Fetykiety-do-drukarek-typu-inkjet%2F\" target=\"_blank\" class=\"whatsapp-mobile  wd-social-icon social-whatsapp\" aria-label=\"Link spo\u0142eczno\u015bciowy WhatsApp\">\n\t\t\t\t\t\t<span class=\"wd-icon\"><\/span>\n\t\t\t\t\t\t\t\t\t\t\t<\/a>\n\t\t\t\t\n\t\t\t\t\t\t\t\t\n\t\t\t\t\t\t\t\t\n\t\t\t\t\n\t\t\t\t\n\t\t\t\t\t\t\t\t\n\t\t\t\t\n\t\t\t<\/div>\n\n\t\t\t\t\t\t\t\t\t<\/div>\n\t\t\t\t\t\t<\/div>\n\t\t\t\t\t\t\t\t\t<\/div>\n\t\t\t<\/figure>\n\t\t\n\t\t<div class=\"portfolio-info color-scheme-light\">\n\t\t\t\t\t\t\t<div class=\"wrap-meta\">\n\t\t\t\t\t<ul class=\"proj-cats-list\">\n\t\t\t\t\t\t\t\t\t\t\t\t\t\t\t\t\t\t\t\t<li>Etykiety specjalne<\/li>\n\t\t\t\t\t\t\t\t\t\t\t<\/ul>\n\t\t\t\t<\/div>\n\t\t\t\n\t\t\t<div class=\"wrap-title\">\n\t\t\t\t<h3 class=\"wd-entities-title\">\n\t\t\t\t\t<a href=\"https:\/\/flexocolor.pl\/portfolio\/etykiety-do-drukarek-typu-inkjet\/\" rel=\"bookmark\">Etykiety do drukarek typu InkJet<\/a>\n\t\t\t\t<\/h3>\n\t\t\t<\/div>\n\t\t<\/div>\n\t<\/header>\n<\/article>\n\t\t\t\t\t\t\t\t\n<article id=\"post-17022\" class=\"wd-project portfolio-entry wd-col masonry-item portfolio-hover proj-cat-etykiety-specjalne post-17022 portfolio type-portfolio status-publish has-post-thumbnail hentry project-cat-etykiety-specjalne\">\n\t<header class=\"entry-header\">\n\t\t\t\t\t<figure class=\"entry-thumbnail color-scheme-light\">\n\t\t\t\t<a href=\"https:\/\/flexocolor.pl\/portfolio\/etykiety-usuwalne\/\" class=\"portfolio-thumbnail\">\n\t\t\t\t\t<img width=\"800\" height=\"800\" src=\"https:\/\/flexocolor.pl\/wp-content\/uploads\/2024\/05\/etykiety-odlepne.jpg\" class=\"attachment-large size-large\" alt=\"Etykiety odlepne\" decoding=\"async\" srcset=\"https:\/\/flexocolor.pl\/wp-content\/uploads\/2024\/05\/etykiety-odlepne.jpg 800w, https:\/\/flexocolor.pl\/wp-content\/uploads\/2024\/05\/etykiety-odlepne-300x300.jpg 300w, https:\/\/flexocolor.pl\/wp-content\/uploads\/2024\/05\/etykiety-odlepne-150x150.jpg 150w, https:\/\/flexocolor.pl\/wp-content\/uploads\/2024\/05\/etykiety-odlepne-768x768.jpg 768w\" sizes=\"(max-width: 800px) 100vw, 800px\" \/>\t\t\t\t<\/a>\n\t\t\t\t<div class=\"wd-portfolio-btns\">\n\t\t\t\t\t<div class=\"portfolio-enlarge wd-action-btn wd-style-icon wd-enlarge-icon wd-tltp wd-tltp-left\">\n\t\t\t\t\t\t<a href=\"https:\/\/flexocolor.pl\/wp-content\/uploads\/2024\/05\/etykiety-odlepne.jpg\" data-elementor-open-lightbox=\"no\">Zobacz du\u017cy<\/a>\n\t\t\t\t\t<\/div>\n\t\t\t\t\t\t\t\t\t\t\t<div class=\"social-icons-wrapper wd-action-btn wd-style-icon wd-share-icon wd-tltp wd-tltp-left\">\n\t\t\t\t\t\t\t<a><\/a>\n\t\t\t\t\t\t\t<div class=\"wd-tooltip-label\">\n\t\t\t\t\t\t\t\t\n\t\t\t<div class=\" wd-social-icons icons-design-default icons-size-small color-scheme-light social-share social-form-circle text-center\">\n\n\t\t\t\t\n\t\t\t\t\t\t\t\t\t<a rel=\"noopener noreferrer nofollow\" href=\"https:\/\/www.facebook.com\/sharer\/sharer.php?u=https:\/\/flexocolor.pl\/portfolio\/etykiety-usuwalne\/\" target=\"_blank\" class=\" wd-social-icon social-facebook\" aria-label=\"Link spo\u0142eczno\u015bciowy na Facebooku\">\n\t\t\t\t\t\t<span class=\"wd-icon\"><\/span>\n\t\t\t\t\t\t\t\t\t\t\t<\/a>\n\t\t\t\t\n\t\t\t\t\t\t\t\t\t<a rel=\"noopener noreferrer nofollow\" href=\"https:\/\/x.com\/share?url=https:\/\/flexocolor.pl\/portfolio\/etykiety-usuwalne\/\" target=\"_blank\" class=\" wd-social-icon social-twitter\" aria-label=\"Link spo\u0142eczno\u015bciowy X\">\n\t\t\t\t\t\t<span class=\"wd-icon\"><\/span>\n\t\t\t\t\t\t\t\t\t\t\t<\/a>\n\t\t\t\t\n\t\t\t\t\n\t\t\t\t\n\t\t\t\t\n\t\t\t\t\t\t\t\t\t<a rel=\"noopener noreferrer nofollow\" href=\"https:\/\/pinterest.com\/pin\/create\/button\/?url=https:\/\/flexocolor.pl\/portfolio\/etykiety-usuwalne\/&media=https:\/\/flexocolor.pl\/wp-content\/uploads\/2024\/05\/etykiety-odlepne.jpg&description=Etykiety+usuwalne\" target=\"_blank\" class=\" wd-social-icon social-pinterest\" aria-label=\"Link spo\u0142eczno\u015bciowy Pinteresta\">\n\t\t\t\t\t\t<span class=\"wd-icon\"><\/span>\n\t\t\t\t\t\t\t\t\t\t\t<\/a>\n\t\t\t\t\n\t\t\t\t\n\t\t\t\t\n\t\t\t\t\n\t\t\t\t\n\t\t\t\t\n\t\t\t\t\n\t\t\t\t\n\t\t\t\t\n\t\t\t\t\n\t\t\t\t\n\t\t\t\t\t\t\t\t\t<a rel=\"noopener noreferrer nofollow\" href=\"https:\/\/api.whatsapp.com\/send?text=https%3A%2F%2Fflexocolor.pl%2Fportfolio%2Fetykiety-usuwalne%2F\" target=\"_blank\" class=\"whatsapp-desktop  wd-social-icon social-whatsapp\" aria-label=\"Link spo\u0142eczno\u015bciowy WhatsApp\">\n\t\t\t\t\t\t<span class=\"wd-icon\"><\/span>\n\t\t\t\t\t\t\t\t\t\t\t<\/a>\n\t\t\t\t\t\n\t\t\t\t\t<a rel=\"noopener noreferrer nofollow\" href=\"whatsapp:\/\/send?text=https%3A%2F%2Fflexocolor.pl%2Fportfolio%2Fetykiety-usuwalne%2F\" target=\"_blank\" class=\"whatsapp-mobile  wd-social-icon social-whatsapp\" aria-label=\"Link spo\u0142eczno\u015bciowy WhatsApp\">\n\t\t\t\t\t\t<span class=\"wd-icon\"><\/span>\n\t\t\t\t\t\t\t\t\t\t\t<\/a>\n\t\t\t\t\n\t\t\t\t\t\t\t\t\n\t\t\t\t\t\t\t\t\n\t\t\t\t\n\t\t\t\t\n\t\t\t\t\t\t\t\t\n\t\t\t\t\n\t\t\t<\/div>\n\n\t\t\t\t\t\t\t\t\t<\/div>\n\t\t\t\t\t\t<\/div>\n\t\t\t\t\t\t\t\t\t<\/div>\n\t\t\t<\/figure>\n\t\t\n\t\t<div class=\"portfolio-info color-scheme-light\">\n\t\t\t\t\t\t\t<div class=\"wrap-meta\">\n\t\t\t\t\t<ul class=\"proj-cats-list\">\n\t\t\t\t\t\t\t\t\t\t\t\t\t\t\t\t\t\t\t\t<li>Etykiety specjalne<\/li>\n\t\t\t\t\t\t\t\t\t\t\t<\/ul>\n\t\t\t\t<\/div>\n\t\t\t\n\t\t\t<div class=\"wrap-title\">\n\t\t\t\t<h3 class=\"wd-entities-title\">\n\t\t\t\t\t<a href=\"https:\/\/flexocolor.pl\/portfolio\/etykiety-usuwalne\/\" rel=\"bookmark\">Etykiety usuwalne<\/a>\n\t\t\t\t<\/h3>\n\t\t\t<\/div>\n\t\t<\/div>\n\t<\/header>\n<\/article>\n\t\t\n\t\t\n\t\t\n\t\t\t\t\t","status":"have-posts","nextPage":"https:\/\/flexocolor.pl\/portfolio\/page\/3\/?woo_ajax=1","currentPage":"https:\/\/flexocolor.pl\/portfolio\/page\/2"}